
{"id":11424,"date":"2022-09-06T13:48:56","date_gmt":"2022-09-06T11:48:56","guid":{"rendered":"https:\/\/www.geometrire.it\/collegio\/?p=11424"},"modified":"2022-09-06T13:48:56","modified_gmt":"2022-09-06T11:48:56","slug":"13-09-2022-incontro-con-i-praticanti-di-presentazione-corso-in-preparazione-esame-di-stato-c-o-sede-collegio","status":"publish","type":"post","link":"https:\/\/www.geometrire.it\/collegio\/13-09-2022-incontro-con-i-praticanti-di-presentazione-corso-in-preparazione-esame-di-stato-c-o-sede-collegio\/","title":{"rendered":"13\/09\/2022 Incontro con i Praticanti di presentazione Corso in preparazione Esame di Stato c\/o sede Collegio"},"content":{"rendered":"<p>Ai Geometri Iscritti all\u2019Esame di Stato Abilitazione \u2013 sessione 2022<\/p>\n<p>Con la presente siamo ad invitarVi <strong>Marted\u00ec 13 Settembre p.v. dalle ore 14.00 alle ore 18.00<\/strong>, all\u2019incontro di <strong>presentazione \u00a0del\u00a0\u201cCORSO IN PREPRARAZIONE ESAME DI STATO &#8211; anno 2022&#8243;<\/strong> e <strong>1^ lezione <\/strong>argomento <strong>\u201cOrientamento alla professione, competenze e codice deontologico e tariffe\u201d <\/strong>che si terr\u00e0 in presenza presso la Sala Conferenze del Collegio Geometri in Reggio Emilia al civico n. 1 (ingresso adiacente al parcheggio, campanello sala riunioni) di Via Alberto Pansa.<\/p>\n<p>Durante l\u2019incontro verranno fornite informazioni con la\u00a0 presentazione del calendario, sede di svolgimento delle lezioni ed il costo.<\/p>\n<p>L\u2019incontro sar\u00e0 un\u2019occasione di confronto tra gli organizzatori\/docenti e i Geometri Praticanti, al fine di raccogliere e condividere pi\u00f9\u00a0 informazioni possibili, per predisporre il programma definitivo delle lezioni.<\/p>\n<p>La 2^ lezione si terr\u00e0 il 15\/9.<\/p>\n<p>Il Corso si terr\u00e0 il marted\u00ec, gioved\u00ec e venerd\u00ec pomeriggio dalle 14:15 alle ore 18.00.<\/p>\n<p>In attesa di incontrarVi a questo importante appuntamento, si porgono cordiali saluti.<\/p>\n<p>IL PRESIDENTE<br \/>\nSpallanzani geom. Francesco<\/p>\n<p>IL CONSIGLIERE<br \/>\nDe Vivo geom. Pierluigi<\/p>\n<p>Collegio Geometri e Geometri Laureati<br \/>\ndella Provincia di Reggio Emilia<\/p>\n<p>&nbsp;<\/p>\n","protected":false},"excerpt":{"rendered":"<p>Ai Geometri Iscritti all\u2019Esame di Stato Abilitazione \u2013 sessione 2022 Con la presente siamo ad invitarVi Marted\u00ec 13 Settembre p.v. dalle ore 14.00 alle ore 18.00, all\u2019incontro di presentazione \u00a0del\u00a0\u201cCORSO IN PREPRARAZIONE ESAME DI STATO &#8211; anno 2022&#8243; e 1^ lezione argomento \u201cOrientamento alla professione, competenze e codice deontologico e tariffe\u201d che si terr\u00e0 in presenza presso la Sala Conferenze del Collegio Geometri in Reggio Emilia al civico n. 1 (ingresso adiacente al parcheggio, campanello sala riunioni) di Via Alberto Pansa. Durante l\u2019incontro verranno fornite informazioni con la\u00a0 presentazione del calendario, sede di svolgimento delle lezioni ed il costo. L\u2019incontro&#8230;<\/p>\n","protected":false},"author":3,"featured_media":0,"comment_status":"closed","ping_status":"closed","sticky":false,"template":"","format":"standard","meta":[],"categories":[22],"tags":[],"_links":{"self":[{"href":"https:\/\/www.geometrire.it\/collegio\/wp-json\/wp\/v2\/posts\/11424"}],"collection":[{"href":"https:\/\/www.geometrire.it\/collegio\/wp-json\/wp\/v2\/posts"}],"about":[{"href":"https:\/\/www.geometrire.it\/collegio\/wp-json\/wp\/v2\/types\/post"}],"author":[{"embeddable":true,"href":"https:\/\/www.geometrire.it\/collegio\/wp-json\/wp\/v2\/users\/3"}],"replies":[{"embeddable":true,"href":"https:\/\/www.geometrire.it\/collegio\/wp-json\/wp\/v2\/comments?post=11424"}],"version-history":[{"count":1,"href":"https:\/\/www.geometrire.it\/collegio\/wp-json\/wp\/v2\/posts\/11424\/revisions"}],"predecessor-version":[{"id":11425,"href":"https:\/\/www.geometrire.it\/collegio\/wp-json\/wp\/v2\/posts\/11424\/revisions\/11425"}],"wp:attachment":[{"href":"https:\/\/www.geometrire.it\/collegio\/wp-json\/wp\/v2\/media?parent=11424"}],"wp:term":[{"taxonomy":"category","embeddable":true,"href":"https:\/\/www.geometrire.it\/collegio\/wp-json\/wp\/v2\/categories?post=11424"},{"taxonomy":"post_tag","embeddable":true,"href":"https:\/\/www.geometrire.it\/collegio\/wp-json\/wp\/v2\/tags?post=11424"}],"curies":[{"name":"wp","href":"https:\/\/api.w.org\/{rel}","templated":true}]}}