
{"id":47,"date":"2023-06-30T16:53:43","date_gmt":"2023-06-30T14:53:43","guid":{"rendered":"http:\/\/www.geometrire.it\/camera-di-conciliazione\/?p=47"},"modified":"2023-08-08T17:33:53","modified_gmt":"2023-08-08T15:33:53","slug":"istanza-di-mediazione","status":"publish","type":"post","link":"https:\/\/www.geometrire.it\/camera-di-conciliazione\/istanza-di-mediazione\/","title":{"rendered":"Domanda di mediazione &#8211; aggiornata al 30\/06\/2023"},"content":{"rendered":"<p><a href=\"https:\/\/www.geometrire.it\/camera-di-conciliazione\/wp-content\/uploads\/sites\/6\/2023\/06\/2023-Domanda-di-mediazione_rev.00-2019.pdf\">Domanda di mediazione<\/a><\/p>\n<p><a href=\"https:\/\/www.geometrire.it\/camera-di-conciliazione\/wp-content\/uploads\/sites\/6\/2023\/06\/2023-Domanda-di-mediazione_rev.00-2019_piu-parti-un-centro.pdf\">Domanda di mediazione posta da pi\u00f9 parti quali unico centro d&#8217;interesse<\/a><\/p>\n<p><a href=\"https:\/\/www.geometrire.it\/camera-di-conciliazione\/wp-content\/uploads\/sites\/6\/2023\/06\/2023-Domanda-di-mediazione_rev.00-2019_piu-parti-piu-centri.pdf\">Domanda di mediazione posta da pi\u00f9 parti per pi\u00f9 centri d&#8217;interesse<\/a><\/p>\n<p><strong>Per adattare la modulistica ad esigenze diverse, contattare la segreteria dell&#8217;Organismo allo 0522 515242 o via email segreteria@collegiogeometri.re.it<\/strong><\/p>\n<p><strong>\u00a0<\/strong><\/p>\n","protected":false},"excerpt":{"rendered":"<p>Domanda di mediazione Domanda di mediazione posta da pi\u00f9 parti quali unico centro d&#8217;interesse Domanda di mediazione posta da pi\u00f9 parti per pi\u00f9 centri d&#8217;interesse Per adattare la modulistica ad&#8230;<\/p>\n","protected":false},"author":1,"featured_media":0,"comment_status":"open","ping_status":"open","sticky":false,"template":"","format":"standard","meta":[],"categories":[4],"tags":[],"_links":{"self":[{"href":"https:\/\/www.geometrire.it\/camera-di-conciliazione\/wp-json\/wp\/v2\/posts\/47"}],"collection":[{"href":"https:\/\/www.geometrire.it\/camera-di-conciliazione\/wp-json\/wp\/v2\/posts"}],"about":[{"href":"https:\/\/www.geometrire.it\/camera-di-conciliazione\/wp-json\/wp\/v2\/types\/post"}],"author":[{"embeddable":true,"href":"https:\/\/www.geometrire.it\/camera-di-conciliazione\/wp-json\/wp\/v2\/users\/1"}],"replies":[{"embeddable":true,"href":"https:\/\/www.geometrire.it\/camera-di-conciliazione\/wp-json\/wp\/v2\/comments?post=47"}],"version-history":[{"count":8,"href":"https:\/\/www.geometrire.it\/camera-di-conciliazione\/wp-json\/wp\/v2\/posts\/47\/revisions"}],"predecessor-version":[{"id":126,"href":"https:\/\/www.geometrire.it\/camera-di-conciliazione\/wp-json\/wp\/v2\/posts\/47\/revisions\/126"}],"wp:attachment":[{"href":"https:\/\/www.geometrire.it\/camera-di-conciliazione\/wp-json\/wp\/v2\/media?parent=47"}],"wp:term":[{"taxonomy":"category","embeddable":true,"href":"https:\/\/www.geometrire.it\/camera-di-conciliazione\/wp-json\/wp\/v2\/categories?post=47"},{"taxonomy":"post_tag","embeddable":true,"href":"https:\/\/www.geometrire.it\/camera-di-conciliazione\/wp-json\/wp\/v2\/tags?post=47"}],"curies":[{"name":"wp","href":"https:\/\/api.w.org\/{rel}","templated":true}]}}