
{"id":17511,"date":"2024-07-30T13:07:20","date_gmt":"2024-07-30T11:07:20","guid":{"rendered":"https:\/\/www.geometrire.it\/associazione\/?p=17511"},"modified":"2025-07-28T16:51:09","modified_gmt":"2025-07-28T14:51:09","slug":"cias-unife-seminari-estivi-gratuiti-fattobene-2024-21-agosto-23-ottobre-streaming-sincrono","status":"publish","type":"post","link":"https:\/\/www.geometrire.it\/associazione\/cias-unife-seminari-estivi-gratuiti-fattobene-2024-21-agosto-23-ottobre-streaming-sincrono\/","title":{"rendered":"CIAS Unife &#8211; Seminari estivi gratuiti FattoBene 2024 | 21 agosto\/23 ottobre &#8211; streaming sincrono"},"content":{"rendered":"<p>CIAS Unife propone una serie un ciclo di <strong>seminari estivi gratuiti<\/strong> di approfondimento, quest&#8217;anno al tema fondante della buona progettazione si affiancher\u00e0 un approfondimento indirizzato alle modalit\u00e0 per una corretta gestione e manutenzione gli edifici, garantendo la massima sicurezza agli operatori.<br \/>\nL\u2019idea centrale, cui fa diretto riferimento il titolo (ripreso dal ciclo analogo svolto nel 2022), \u00e8 la necessit\u00e0 di una forte sinergia fra i contenuti tecnico-professionali e le indicazioni in materia di sicurezza, cos\u00ec che la tutela dei lavoratori non sia intesa come un corollario bens\u00ec quale parte integrante dello svolgere bene il proprio compito.<br \/>\nQuesto \u00e8 da sempre lo scopo dei membri del <strong>Protocollo di Intesa Comfort, Salute e Sicurezza di Ferrara<\/strong>, che insieme agli Ordini e Collegi professionali e a partner tecnici di eccellenza, forniscono da molti anni periodici approfondimenti con uno sguardo ampio sulle diverse competenze richieste ai professionisti, alle imprese e ai committenti, in un sistema necessariamente a rete fra esperti e ruoli con conoscenze spesso molto diverse.<\/p>\n<p>Il piano formativo si sviluppa attraverso otto seminari distinti, cui \u00e8 possibile partecipare anche singolarmente, ognuno secondo le proprie necessit\u00e0 e competenze specifiche. La durata di ogni evento (in streaming sincrono) \u00e8 3 ore, compresi 20\u2019 dedicati alle domande.<br \/>\nPer assicurare la reale partecipazione, oltre alla frequenza minima, ogni seminario prevede l\u2019obbligo di superamento di un breve test finale, da completare al termine di ogni evento.<\/p>\n<p><em>Il <strong>Protocollo di Intesa Comfort, Salute e Sicurezza di Ferrara<\/strong>, attivo dal 2011, \u00e8 rappresentato da INAIL Sede di Ferrara, INPS di Ferrara, ITL sede di Ravenna e Ferrara, AUSL Dipartimento di Sanit\u00e0 Pubblica di Ferrara, Dipartimento di Architettura per conto dell\u2019Universit\u00e0 degli Studi di Ferrara, Provincia di Ferrara e Comune di Ferrara, con l\u2019obbiettivo prioritario di sostenere la sinergia tra gli enti partecipanti e le altre Istituzioni locali, offrendo le proprie conoscenze in materia di prevenzione, salute e sicurezza anche a supporto del territorio.<\/em><em><br \/>\n<\/em><\/p>\n<p><strong>LOCANDINA<\/strong>: <a href=\"https:\/\/www.geometrire.it\/associazione\/wp-content\/uploads\/sites\/7\/2024\/07\/2024_fattobene_locandina.pdf\">2024_fattobene_locandina<\/a><\/p>\n<p><strong>CALENDARIO<\/strong> (mercoled\u00ec, orario 14\/17:00 | 3 ore cad)<\/p>\n<table width=\"100%\">\n<tbody>\n<tr>\n<td width=\"3%\"><strong>1.\u00a0\u00a0\u00a0\u00a0\u00a0\u00a0\u00a0\u00a0\u00a0\u00a0\u00a0\u00a0\u00a0\u00a0\u00a0 <\/strong><strong>\u00a0<\/strong><\/td>\n<td width=\"9%\"><strong>21 agosto<\/strong><\/td>\n<td width=\"38%\"><strong>Contrasto all\u2019uso di alcol e droghe sul lavoro<\/strong><\/p>\n<ul>\n<li>Inquadramento e contesto<\/li>\n<li>Regole e responsabilit\u00e0 sul lavoro<\/li>\n<\/ul>\n<\/td>\n<td width=\"47%\">Luisa Garofani [Direttrice Unit\u00e0 Operativa Complessa SerD e responsabile Programma Dipendenze Patologiche, AUSL Ferrara]\n<p>Antonia Maria Guglielmin [Direttrice UOC Prevenzione e Sicurezza Ambienti di Lavoro, AUSL Ferrara]<\/td>\n<\/tr>\n<tr>\n<td width=\"3%\"><strong>2.\u00a0\u00a0\u00a0\u00a0\u00a0\u00a0\u00a0\u00a0\u00a0\u00a0\u00a0\u00a0\u00a0\u00a0 <\/strong><strong>\u00a0<\/strong><\/td>\n<td width=\"9%\"><strong>28 agosto<\/strong><\/td>\n<td width=\"38%\"><strong>Gestire le manutenzioni nell\u2019ambito di attivit\u00e0 soggette ai controlli di prevenzione incendi<\/strong><\/p>\n<ul>\n<li>obblighi e cautele per non vanificare le misure di protezione dagli incendi<\/li>\n<li>misure gestionali di esercizio negli edifici condominiali o ad uso collettivo<\/li>\n<\/ul>\n<\/td>\n<td width=\"47%\">Luigi Ferraiuolo [CNVVF, Comando Provinciale VVF di Ferrara]<\/td>\n<\/tr>\n<tr>\n<td width=\"3%\"><strong>3.\u00a0\u00a0\u00a0\u00a0\u00a0\u00a0\u00a0\u00a0\u00a0\u00a0\u00a0\u00a0\u00a0\u00a0 <\/strong><strong>\u00a0<\/strong><\/td>\n<td width=\"9%\"><strong>11 settembre<\/strong><\/p>\n<p><strong>\u00a0<\/strong><\/td>\n<td width=\"38%\"><strong>Il rischio cadute dall\u2019alto sul lavoro<\/strong><\/p>\n<ul>\n<li>Inquadramento e criticit\u00e0<\/li>\n<li>Precauzioni necessarie nella progettazione di lavori a tetto (ponteggi di facciata a protezione dei bordi)<\/li>\n<li>Lavori in trattenuta, posizionamento e in arresto caduta. Dispositivi per scenari di impiego ed esempi. Formazione e addestramento degli addetti.<\/li>\n<\/ul>\n<\/td>\n<td width=\"47%\">Davide Lumia (Direttore INAIL di Ferrara]\n<p>Michele Bertoldo [AUSL della Romagna, Coordinatore Gruppo Edilizia Regione Emilia-Romagna]\n<p>Stefania Menghetti [architetto]<\/td>\n<\/tr>\n<tr>\n<td width=\"3%\"><strong>4.\u00a0\u00a0\u00a0\u00a0\u00a0\u00a0\u00a0\u00a0\u00a0\u00a0\u00a0\u00a0\u00a0\u00a0 <\/strong><strong>\u00a0<\/strong><\/td>\n<td width=\"9%\"><strong>25 settembre<\/strong><\/td>\n<td width=\"38%\"><strong>Manutenzione ordinaria, straordinaria e urgente in condominio<\/strong><\/p>\n<ul>\n<li>Responsabilit\u00e0 e casi nel condominio<\/li>\n<li>La gestione degli interventi sulle infiltrazioni<\/li>\n<\/ul>\n<\/td>\n<td width=\"47%\">Giuseppe Bordolli, Gianfranco Di Rago [Consulenti legali condominialisti]<\/td>\n<\/tr>\n<tr>\n<td width=\"3%\"><strong>5.\u00a0\u00a0\u00a0\u00a0\u00a0\u00a0\u00a0\u00a0\u00a0\u00a0\u00a0\u00a0\u00a0\u00a0 <\/strong><strong>\u00a0<\/strong><\/td>\n<td width=\"9%\"><strong>02 ottobre<\/strong><\/td>\n<td width=\"38%\"><strong>Umidit\u00e0 di risalita<\/strong><\/p>\n<ul>\n<li>Cause e possibili interventi<\/li>\n<li>Interventi innovativi non invasivi: tecnologia a neutralizzazione di carica<\/li>\n<\/ul>\n<\/td>\n<td width=\"47%\">Manlio Montuori [Centro di ricerca Labora, Universit\u00e0 degli Studi di Ferrara]\n<p>Maria Luisa Zerrilli [Domodry, Legnano]<\/td>\n<\/tr>\n<tr>\n<td width=\"3%\"><strong>6.\u00a0\u00a0\u00a0\u00a0\u00a0\u00a0\u00a0\u00a0\u00a0\u00a0\u00a0\u00a0\u00a0\u00a0 <\/strong><strong>\u00a0<\/strong><\/td>\n<td width=\"9%\"><strong>09 ottobre<\/strong><\/td>\n<td width=\"38%\"><strong>Analisi delle esigenze e ottimizzazione dei consumi<\/strong><\/p>\n<ul>\n<li>Monitoraggio dei consumi, analisi delle bollette e del contratto di fornitura maggiormente competitivo.<\/li>\n<li>Un caso studio di verifica e riduzione dei consumi energetici in un condominio servito da teleriscaldamento.<\/li>\n<li>Analisi delle esigenze illuminotecniche degli edifici, domotizzazione delle luci, revamping e relamping<\/li>\n<\/ul>\n<\/td>\n<td width=\"47%\">Massimo Pellegrini, Silvia Umiliacchi [Elector Consulting, Savignano sul Rubicone]\n<p>Sante Mazzacane [Direttore del Centro di ricerca CIAS Universit\u00e0 degli Studi di Ferrara]\n<p>Giovanni Piano [Aura Taitle, Bologna]<\/td>\n<\/tr>\n<tr>\n<td width=\"3%\"><strong>7.\u00a0\u00a0\u00a0\u00a0\u00a0\u00a0\u00a0\u00a0\u00a0\u00a0\u00a0\u00a0\u00a0\u00a0 <\/strong><strong>\u00a0<\/strong><\/td>\n<td width=\"9%\"><strong>16 ottobre<\/strong><\/td>\n<td width=\"38%\"><strong>La sicurezza sui lavori come obbligo sistemico <\/strong><\/p>\n<ul>\n<li>Responsabilit\u00e0 civile e penale dell\u2019impresa e del committente in materia di sicurezza sul lavoro<\/li>\n<li>Responsabilit\u00e0 e comunicazioni fra Committenza, Direzione dei Lavori e Coordinamento alla Sicurezza negli appalti privati<\/li>\n<\/ul>\n<\/td>\n<td width=\"47%\">Maurizio Fazio [ITL Sede di Brescia]\n<p>Sabrina Cherubini [ITL Sede di Ravenna-Ferrara]\n<p>Paolo Carretto [Libra Engineering]<\/td>\n<\/tr>\n<tr>\n<td width=\"3%\"><strong>8.\u00a0\u00a0\u00a0\u00a0\u00a0\u00a0\u00a0\u00a0\u00a0\u00a0\u00a0\u00a0\u00a0\u00a0 <\/strong><strong>\u00a0<\/strong><\/td>\n<td width=\"9%\"><strong>23 ottobre<\/strong><\/td>\n<td width=\"38%\"><strong>La valutazione degli immobili: fattori di incremento e decremento del valore<\/strong><\/p>\n<ul>\n<li>Breve excursus normativo Internazionale, Europeo ed Italiano sugli standard di valutazione immobiliare<\/li>\n<li>Introduzione alle caratteristiche che influenzano il pi\u00f9 probabile valore di mercato e le nuove istanze green<\/li>\n<li>Catasto dei fabbricati, zone censuarie e valori immobiliari<\/li>\n<li>Funzionamento e strumenti dell\u2019Osservatorio del Mercato Immobiliare (O.M.I.).<\/li>\n<\/ul>\n<\/td>\n<td width=\"47%\">Laura Gabrielli [professore associato di estimo e valutazione economica, Universit\u00e0 degli Studi di Ferrara]\n<p>Aurora Ruggeri [assegnista di ricerca, DICEA, Universit\u00e0 degli Studi di Padova]\n<p>Giovanni Mingozzi [Agenzia delle Entrate, Area Servizi Estimativi e OMI]\n<p>relatori in fase di conferma [Agenzia delle Entrate, Area Servizi Estimativi e OMI]<\/td>\n<\/tr>\n<\/tbody>\n<\/table>\n<p>&nbsp;<\/p>\n<p><strong>ISCRIZIONI<br \/>\n<\/strong>Il piano formativo si sviluppa attraverso <strong>otto seminari distinti<\/strong>, in un percorso cui \u00e8 possibile partecipare anche per singole giornate, ogni professionista secondo le proprie necessit\u00e0 e competenze specifiche. La durata di ogni evento (in streaming sincrono) \u00e8 <strong>3 ore<\/strong>, compresi 20\u2019 dedicati alle domande.<br \/>\nL\u2019accesso a ciascun evento \u00e8 <strong>gratuito<\/strong>; per ricevere via e-mail i codici di accesso all\u2019aula virtuale di ogni seminario<\/p>\n<p><strong>occorre iscriversi attraverso la pagina web: <a href=\"http:\/\/www.cias-ferrara.it\/meetings\">www.cias-ferrara.it\/meetings<\/a><\/strong><\/p>\n<p>Si precisa che il codice d\u2019aula verr\u00e0 inviato, via e-mail, 24\/48 ore prima di ciascun evento cui si \u00e8 iscritti. Tutti i partecipanti potranno porre <strong>domande ai relatori<\/strong>, sia indicandole gi\u00e0 all\u2019atto dell\u2019iscrizione, sia proponendole in chat durante il seminario. Ai partecipanti che assistono al seminario con una <strong>frequenza<\/strong> di almeno il 90% e rispondono al <strong>test finale di verifica della presenza<\/strong>, verr\u00e0 inviato un attestato di partecipazione nominale, via e-mail, a qualche settimana dall\u2019evento. <u>Attenzione<\/u>: alcuni accreditamenti prevedono percentuali di frequenza pi\u00f9 alte, come precisato di seguito. Al termine di ogni evento, le dispense saranno rese disponibili attraverso la stessa pagina web di iscrizione, che fa capo al Centro di Ricerca Interdipartimentale CIAS.<\/p>\n<p><strong>CREDITI SICUREZZA E ANTINCENDIO<br \/>\n<\/strong>I <strong>seminari n. 1, 2, 3 e 7<\/strong> sono validi al fine della <strong>formazione in materia di salute e sicurezza sul lavoro<\/strong>, come da Accordo Stato Regioni 07.07.2016 (CSP\/CSE, ASPP\/RSPP, RLS\/RLST, dirigente\/datore di lavoro, lavoratore), il <strong>seminario n.2<\/strong> (in <u>alternativa<\/u> all\u2019accreditamento sicurezza) al fine della <strong>formazione dei professionisti antincendio<\/strong> di qualsiasi Ordine e Collegio, come da DM 05 agosto 2011 (aut. Min. Dir. E.R. ric.), per il mantenimento dell\u2019iscrizione alle Liste Ministeriali.<\/p>\n<p><strong>CREDITI FORMATIVI\u00a0PROFESSIONALI<br \/>\n<\/strong>In virt\u00f9 della collaborazione alla progettazione di questi eventi, <strong>per ogni seminario<\/strong> \u00e8 prevista l\u2019attribuzione di <strong>3 Crediti Formativi Professionali<\/strong> per gli iscritti ai seguenti Ordini e Collegi:<\/p>\n<ul>\n<li><strong>Architetti<\/strong> [autocertificabile dall\u2019iscritto sulla Piattaforma CNAPPC<a href=\"https:\/\/portaleservizi.cnappc.it\/\">\u00a0https:\/\/portaleservizi.cnappc.it\/<\/a> con tipologia: \u201cEnti pubblici di chiara valenza formativa\u201d; frequenza minima 100%]<\/li>\n<li><strong>Consulenti del Lavoro<\/strong> solo seminari 1 e 7 [autocertificabile su Piattaforma nazionale caricando l\u2019attestato di partecipazione; frequenza minima come da Regolamento dell\u2019Ordine]<\/li>\n<li><strong>Geometri<\/strong> [seminari 1, 2, 3 e 7 in autocertificazione su Piattaforma SINF, tutti gli altri seminari attraverso il Collegio di Ferrara; l\u2019attestato finale dei crediti (minimo 15) degli amministratori condominiali, in autocertificazione su SINF; frequenza minima come da Regolamento del Collegio].<\/li>\n<li><strong>Periti Industriali<\/strong> [su Piattaforma AlboUnico attraverso l\u2019Ordine di Bologna e Ferrara; frequenza minima 100%].<\/li>\n<li><strong>Tecnici della Prevenzione<\/strong> [crediti ECM come da procedura indicata sotto]<\/li>\n<\/ul>\n<p>Gli altri Ordini e Collegi solo se previsto dal proprio Ordine o regolamento e previa verifica da parte del partecipante.<\/p>\n<p><strong>CREDITI AMMINISTRATORI CONDOMINIALI<br \/>\n<\/strong>Ogni evento formativo \u00e8 prenotabile separatamente (cos\u00ec che ciascuno possa scegliere di partecipare a quelli di interesse) ma insieme verranno computati quale corso unitario, al fine dell\u2019aggiornamento obbligatorio degli Amministratori Condominiali, che si ricorda essere di almeno 15 ore (cio\u00e8 5 eventi completi degli 8 disponibili) cos\u00ec da ricevere l\u2019attestazione unica del corso di <strong>formazione periodica ai sensi del DM 140 del 13.08.2014<\/strong> (aut. Min. 20.07.2024).<br \/>\nAttenzione: al termine di ogni evento verr\u00e0 inviato a ogni partecipante (online e via email) un test di apprendimento digitale, da completare nella giornata, il cui superamento \u00e8 obbligatorio.<\/p>\n<p>&nbsp;<\/p>\n<p>&nbsp;<\/p>\n<p>&nbsp;<\/p>\n","protected":false},"excerpt":{"rendered":"<p>CIAS Unife propone una serie un ciclo di seminari estivi gratuiti di approfondimento, quest&#8217;anno al tema fondante della buona progettazione si affiancher\u00e0 un approfondimento indirizzato alle modalit\u00e0 per una corretta gestione e manutenzione gli edifici, garantendo la massima sicurezza agli operatori. L\u2019idea centrale, cui fa diretto riferimento il titolo (ripreso dal ciclo analogo svolto nel 2022), \u00e8 la necessit\u00e0 di&#8230;<\/p>\n","protected":false},"author":3,"featured_media":0,"comment_status":"closed","ping_status":"closed","sticky":false,"template":"","format":"standard","meta":[],"categories":[17],"tags":[],"_links":{"self":[{"href":"https:\/\/www.geometrire.it\/associazione\/wp-json\/wp\/v2\/posts\/17511"}],"collection":[{"href":"https:\/\/www.geometrire.it\/associazione\/wp-json\/wp\/v2\/posts"}],"about":[{"href":"https:\/\/www.geometrire.it\/associazione\/wp-json\/wp\/v2\/types\/post"}],"author":[{"embeddable":true,"href":"https:\/\/www.geometrire.it\/associazione\/wp-json\/wp\/v2\/users\/3"}],"replies":[{"embeddable":true,"href":"https:\/\/www.geometrire.it\/associazione\/wp-json\/wp\/v2\/comments?post=17511"}],"version-history":[{"count":3,"href":"https:\/\/www.geometrire.it\/associazione\/wp-json\/wp\/v2\/posts\/17511\/revisions"}],"predecessor-version":[{"id":17519,"href":"https:\/\/www.geometrire.it\/associazione\/wp-json\/wp\/v2\/posts\/17511\/revisions\/17519"}],"wp:attachment":[{"href":"https:\/\/www.geometrire.it\/associazione\/wp-json\/wp\/v2\/media?parent=17511"}],"wp:term":[{"taxonomy":"category","embeddable":true,"href":"https:\/\/www.geometrire.it\/associazione\/wp-json\/wp\/v2\/categories?post=17511"},{"taxonomy":"post_tag","embeddable":true,"href":"https:\/\/www.geometrire.it\/associazione\/wp-json\/wp\/v2\/tags?post=17511"}],"curies":[{"name":"wp","href":"https:\/\/api.w.org\/{rel}","templated":true}]}}